{"id":129,"date":"2019-03-11T09:17:16","date_gmt":"2019-03-11T08:17:16","guid":{"rendered":"http:\/\/wp-vetrina.aro26.de\/?p=129"},"modified":"2019-04-01T19:51:54","modified_gmt":"2019-04-01T17:51:54","slug":"kaennchen-hutschenreuther-modell-wie-dresden-schlossberg-oder-maria-theresia-pinke-blume-rose","status":"publish","type":"post","link":"https:\/\/lavetrinaaperta.eu\/?p=129","title":{"rendered":"K\u00e4nnchen Hutschenreuther &#8211; Modell wie Dresden Schlossberg oder Maria Theresia Pinke Blume, Rose"},"content":{"rendered":"\n<figure class=\"wp-block-image\"><img decoding=\"async\" loading=\"lazy\" width=\"921\" height=\"1024\" src=\"http:\/\/wp-vetrina.aro26.de\/wp-content\/uploads\/2019\/03\/IMG_4217-921x1024.jpg\" alt=\"Ka\u0308nnchen_Hutschenreuther31581\" class=\"wp-image-25\" srcset=\"https:\/\/lavetrinaaperta.eu\/wp-content\/uploads\/2019\/03\/IMG_4217-921x1024.jpg 921w, https:\/\/lavetrinaaperta.eu\/wp-content\/uploads\/2019\/03\/IMG_4217-270x300.jpg 270w, https:\/\/lavetrinaaperta.eu\/wp-content\/uploads\/2019\/03\/IMG_4217-768x854.jpg 768w\" sizes=\"(max-width: 921px) 100vw, 921px\" \/><figcaption>K\u00e4nnchen_Hutschenreuther31581<\/figcaption><\/figure>\n\n\n\n<p>Milchk\u00e4nnchen, Kanne, kleine Vase: Hutschenreuther &#8211; Modell wie Dresden Schlossberg oder Maria Theresia Pinke Blume Rose &#8211; gemarkt Nr. 31581\/1, Original Midcentury Vintage.<\/p>\n\n\n\n<p>Manufaktur: Hutschenreuther, Selb, L.H.S.<br>Bodenmarke: gr\u00fcn; Nummerierung in orange: 84.<br>Modell: \u00e4hnlich wie &#8222;Dresden Schlossberg&#8220; oder &#8222;Maria Theresia, Pinke Blume \/ Rose&#8220;<br>Modellnummer (in gold): 31581\/1.<br>Material: Porzellan.<br>Scherbenfarbe: wei\u00df.<br>Farbe der Bemalung: Pink-Violett; am Henkel goldfarbene Verzierung.<br>Form \/ Aussehen: Kannenform.<br>Herstellungszeitraum: Entsprechend der Bodenmarke wohl aus den 50er bis 60er Jahren.<br>Sehr guter Zustand. Keine Chips, keine Abplatzungen, keine Risse.<br>Abmessungen: Durchmesser der \u00d6ffnung mit Ausgie\u00dfer ca. 7 cm, H\u00f6he ca. 8,5 cm. Gewicht: ca. 160 Gramm.<\/p>\n\n\n\n<figure class=\"wp-block-image\"><img decoding=\"async\" loading=\"lazy\" width=\"1024\" height=\"870\" src=\"http:\/\/wp-vetrina.aro26.de\/wp-content\/uploads\/2019\/03\/IMG_4220-1024x870.jpg\" alt=\"Ka\u0308nnchen_Hutschenreuther31581\" class=\"wp-image-26\" srcset=\"https:\/\/lavetrinaaperta.eu\/wp-content\/uploads\/2019\/03\/IMG_4220-1024x870.jpg 1024w, https:\/\/lavetrinaaperta.eu\/wp-content\/uploads\/2019\/03\/IMG_4220-300x255.jpg 300w, https:\/\/lavetrinaaperta.eu\/wp-content\/uploads\/2019\/03\/IMG_4220-768x652.jpg 768w\" sizes=\"(max-width: 1024px) 100vw, 1024px\" \/><figcaption>K\u00e4nnchen_Hutschenreuther31581, Bodenmarke<\/figcaption><\/figure>\n","protected":false},"excerpt":{"rendered":"<p>Milchk\u00e4nnchen, Kanne, kleine Vase: Hutschenreuther &#8211; Modell wie Dresden Schlossberg oder Maria Theresia Pinke Blume Rose &#8211; gemarkt Nr. 31581\/1, Original Midcentury Vintage.<\/p>\n","protected":false},"author":1,"featured_media":0,"comment_status":"closed","ping_status":"closed","sticky":false,"template":"","format":"standard","meta":[],"categories":[40,167,163],"tags":[89,84,81,90,85,91,86,87],"_links":{"self":[{"href":"https:\/\/lavetrinaaperta.eu\/index.php?rest_route=\/wp\/v2\/posts\/129"}],"collection":[{"href":"https:\/\/lavetrinaaperta.eu\/index.php?rest_route=\/wp\/v2\/posts"}],"about":[{"href":"https:\/\/lavetrinaaperta.eu\/index.php?rest_route=\/wp\/v2\/types\/post"}],"author":[{"embeddable":true,"href":"https:\/\/lavetrinaaperta.eu\/index.php?rest_route=\/wp\/v2\/users\/1"}],"replies":[{"embeddable":true,"href":"https:\/\/lavetrinaaperta.eu\/index.php?rest_route=%2Fwp%2Fv2%2Fcomments&post=129"}],"version-history":[{"count":2,"href":"https:\/\/lavetrinaaperta.eu\/index.php?rest_route=\/wp\/v2\/posts\/129\/revisions"}],"predecessor-version":[{"id":137,"href":"https:\/\/lavetrinaaperta.eu\/index.php?rest_route=\/wp\/v2\/posts\/129\/revisions\/137"}],"wp:attachment":[{"href":"https:\/\/lavetrinaaperta.eu\/index.php?rest_route=%2Fwp%2Fv2%2Fmedia&parent=129"}],"wp:term":[{"taxonomy":"category","embeddable":true,"href":"https:\/\/lavetrinaaperta.eu\/index.php?rest_route=%2Fwp%2Fv2%2Fcategories&post=129"},{"taxonomy":"post_tag","embeddable":true,"href":"https:\/\/lavetrinaaperta.eu\/index.php?rest_route=%2Fwp%2Fv2%2Ftags&post=129"}],"curies":[{"name":"wp","href":"https:\/\/api.w.org\/{rel}","templated":true}]}}