{"id":139,"date":"2019-03-11T11:43:18","date_gmt":"2019-03-11T10:43:18","guid":{"rendered":"http:\/\/wp-vetrina.aro26.de\/?p=139"},"modified":"2019-04-01T19:50:59","modified_gmt":"2019-04-01T17:50:59","slug":"milchkaennchen-kleine-kanne-villeroy-boch-modell-orleans-made-in-france-saar-original-midcentury-50er-jahre","status":"publish","type":"post","link":"https:\/\/lavetrinaaperta.eu\/?p=139","title":{"rendered":"Milchk\u00e4nnchen, kleine Kanne &#8211; Villeroy &#038; Boch * Modell Orleans &#8211; Made in France-Saar &#8211; Original Midcentury 50er Jahre"},"content":{"rendered":"\t\t<div data-elementor-type=\"wp-post\" data-elementor-id=\"139\" class=\"elementor elementor-139\">\n\t\t\t\t\t\t<div class=\"elementor-inner\">\n\t\t\t\t<div class=\"elementor-section-wrap\">\n\t\t\t\t\t\t\t\t\t<section class=\"has_eae_slider elementor-section elementor-top-section elementor-element elementor-element-6f6e8f66 elementor-section-boxed elementor-section-height-default elementor-section-height-default\" data-id=\"6f6e8f66\" data-element_type=\"section\">\n\t\t\t\t\t\t<div class=\"elementor-container elementor-column-gap-default\">\n\t\t\t\t\t\t\t<div class=\"elementor-row\">\n\t\t\t\t\t<div class=\"has_eae_slider elementor-column elementor-col-100 elementor-top-column elementor-element elementor-element-1f99a6bf\" data-id=\"1f99a6bf\" data-element_type=\"column\">\n\t\t\t<div class=\"elementor-column-wrap elementor-element-populated\">\n\t\t\t\t\t\t\t<div class=\"elementor-widget-wrap\">\n\t\t\t\t\t\t<div class=\"elementor-element elementor-element-4eab94e3 elementor-widget elementor-widget-text-editor\" data-id=\"4eab94e3\" data-element_type=\"widget\" data-widget_type=\"text-editor.default\">\n\t\t\t\t<div class=\"elementor-widget-container\">\n\t\t\t\t\t\t\t\t<div class=\"elementor-text-editor elementor-clearfix\">\n\t\t\t\t<p><!-- wp:media-text {\"mediaId\":140,\"mediaType\":\"image\"} --><\/p>\n<div class=\"wp-block-media-text alignwide\">\n<figure class=\"wp-block-media-text__media\"><img decoding=\"async\" loading=\"lazy\" width=\"1024\" height=\"921\" class=\"wp-image-140\" src=\"http:\/\/wp-vetrina.aro26.de\/wp-content\/uploads\/2019\/03\/IMG_3939-1024x921.jpg\" alt=\"K\u00e4nnchen Villeroy &amp; Boch, Modell Orleans\" srcset=\"https:\/\/lavetrinaaperta.eu\/wp-content\/uploads\/2019\/03\/IMG_3939-1024x921.jpg 1024w, https:\/\/lavetrinaaperta.eu\/wp-content\/uploads\/2019\/03\/IMG_3939-300x270.jpg 300w, https:\/\/lavetrinaaperta.eu\/wp-content\/uploads\/2019\/03\/IMG_3939-768x691.jpg 768w, https:\/\/lavetrinaaperta.eu\/wp-content\/uploads\/2019\/03\/IMG_3939-940x845.jpg 940w, https:\/\/lavetrinaaperta.eu\/wp-content\/uploads\/2019\/03\/IMG_3939-445x400.jpg 445w\" sizes=\"(max-width: 1024px) 100vw, 1024px\" \/><\/figure>\n<div class=\"wp-block-media-text__content\">\n<p><!-- wp:paragraph {\"placeholder\":\"Inhalt...\"} --><\/p>\n<p>Milchk\u00e4nnchen, kleine Kanne &#8211; Villeroy &amp; Boch * Design Hermann Gretsch * Modell Orleans &#8211; Made in France-Saar &#8211; Original Midcentury 50er Jahre.<br \/>Material: Glasiertes Porzellan Keramik. Hellblau-wei\u00df, eher beige.<br \/>Designer: Hermann Gretsch (Siehe Quelle: <i>https:\/\/www.pinterest.de\/pin\/328622104045623706\/<\/i>)<\/p>\n<p><!-- \/wp:paragraph --><\/p>\n<\/div>\n<\/div>\n<p><!-- \/wp:media-text --><\/p>\n<p><!-- wp:paragraph --><\/p>\n<p>Form \/ Aussehen: Kannenform. Label \/ Hersteller: Villeroy &amp; Boch, Mettlach, Made in France-Saar. D. Economic Union. Bodenmarke in gr\u00fcn auf der Unterseite ohne VB.<br \/>Guter Zustand. Keine Chips, keine Abplatzungen. Jedoch feinste, nicht sp\u00fcrbare und kaum sichtbare Haarrisse am oberen Rand.<br \/>Abmessungen: Durchmesser der \u00d6ffnung mit Ausgie\u00dfer ca. 7,8 cm, H\u00f6he ca. 7,2 cm. Gewicht: ca. 140 Gramm.<\/p>\n<p>\u00a0<\/p>\n<p><!-- \/wp:paragraph --><\/p>\n<p><!-- wp:image {\"id\":141,\"width\":546,\"height\":479} --><\/p>\n<figure class=\"wp-block-image is-resized\"><img decoding=\"async\" loading=\"lazy\" class=\"wp-image-141\" src=\"http:\/\/wp-vetrina.aro26.de\/wp-content\/uploads\/2019\/03\/IMG_5533-1024x900.jpg\" alt=\"K\u00e4nnchen Villeroy &amp; Boch, Modell Orleans, Bodenmarke\" width=\"546\" height=\"479\" srcset=\"https:\/\/lavetrinaaperta.eu\/wp-content\/uploads\/2019\/03\/IMG_5533-1024x900.jpg 1024w, https:\/\/lavetrinaaperta.eu\/wp-content\/uploads\/2019\/03\/IMG_5533-300x264.jpg 300w, https:\/\/lavetrinaaperta.eu\/wp-content\/uploads\/2019\/03\/IMG_5533-768x675.jpg 768w, https:\/\/lavetrinaaperta.eu\/wp-content\/uploads\/2019\/03\/IMG_5533-940x827.jpg 940w, https:\/\/lavetrinaaperta.eu\/wp-content\/uploads\/2019\/03\/IMG_5533-455x400.jpg 455w\" sizes=\"(max-width: 546px) 100vw, 546px\" \/>\n<p>\u00a0<\/p>\n<figcaption>K\u00e4nnchen Villeroy &amp; Boch, Modell Orleans, Bodenmarke\n<p>\u00a0<\/p>\n<\/figcaption>\n<\/figure>\n<p><!-- \/wp:image --><\/p>\t\t\t\t\t<\/div>\n\t\t\t\t\t\t<\/div>\n\t\t\t\t<\/div>\n\t\t\t\t\t\t<\/div>\n\t\t\t\t\t<\/div>\n\t\t<\/div>\n\t\t\t\t\t\t\t\t<\/div>\n\t\t\t\t\t<\/div>\n\t\t<\/section>\n\t\t\t\t<section class=\"has_eae_slider elementor-section elementor-top-section elementor-element elementor-element-70cbec7 elementor-section-boxed elementor-section-height-default elementor-section-height-default\" data-id=\"70cbec7\" data-element_type=\"section\">\n\t\t\t\t\t\t<div class=\"elementor-container elementor-column-gap-default\">\n\t\t\t\t\t\t\t<div class=\"elementor-row\">\n\t\t\t\t\t<div class=\"has_eae_slider elementor-column elementor-col-100 elementor-top-column elementor-element elementor-element-e75dfbf\" data-id=\"e75dfbf\" data-element_type=\"column\">\n\t\t\t<div class=\"elementor-column-wrap elementor-element-populated\">\n\t\t\t\t\t\t\t<div class=\"elementor-widget-wrap\">\n\t\t\t\t\t\t<div class=\"elementor-element elementor-element-35d2dfb elementor-widget elementor-widget-text-editor\" data-id=\"35d2dfb\" data-element_type=\"widget\" data-widget_type=\"text-editor.default\">\n\t\t\t\t<div class=\"elementor-widget-container\">\n\t\t\t\t\t\t\t\t<div class=\"elementor-text-editor elementor-clearfix\">\n\t\t\t\t<p><b>Milk jug, small jug &#8211; Villeroy &amp; Boch * Design Hermann Gretsch * Model Orleans &#8211; Made in France-Saar &#8211; Original Midcentury 50s.<\/b><br \/>Material: Glazed porcelain ceramic. Light blue and white, rather beige.<br \/>Designer: Hermann Gretsch (Look Source: <i>https:\/\/www.pinterest.de\/pin\/328622104045623706\/<\/i>)<\/p>\n<p>Shape \/ appearance: pitcher form.<br \/>Label \/ Manufacturer: Villeroy &amp; Boch, Mettlach, Made in France-Saar. D. Economic Union.<br \/>Ground mark in green on the bottom without VB.<br \/>Good condition. No chips, no chips. However, the finest, not noticeable and barely visible hairline cracks on the upper edge.<br \/>Dimensions: Diameter of the opening with spout about 7.8 cm, height about 7.2 cm. Weight: approx. 140 grams.<\/p>\t\t\t\t\t<\/div>\n\t\t\t\t\t\t<\/div>\n\t\t\t\t<\/div>\n\t\t\t\t\t\t<\/div>\n\t\t\t\t\t<\/div>\n\t\t<\/div>\n\t\t\t\t\t\t\t\t<\/div>\n\t\t\t\t\t<\/div>\n\t\t<\/section>\n\t\t\t\t\t\t\t\t\t<\/div>\n\t\t\t<\/div>\n\t\t\t\t\t<\/div>\n\t\t","protected":false},"excerpt":{"rendered":"<p>Milchk\u00e4nnchen, kleine Kanne &#8211; Villeroy &amp; Boch * Design Hermann Gretsch * Modell Orleans &#8211; Made in France-Saar &#8211; Original Midcentury 50er Jahre.Material: Glasiertes Porzellan Keramik. Hellblau-wei\u00df, eher beige.Designer: Hermann Gretsch (Siehe Quelle: https:\/\/www.pinterest.de\/pin\/328622104045623706\/) Form&hellip; <a href=\"https:\/\/lavetrinaaperta.eu\/?p=139\">Mehr<\/a><\/p>\n","protected":false},"author":1,"featured_media":0,"comment_status":"closed","ping_status":"closed","sticky":false,"template":"","format":"standard","meta":[],"categories":[167,163,43],"tags":[89,90,102,116,91,101,87,100,99],"_links":{"self":[{"href":"https:\/\/lavetrinaaperta.eu\/index.php?rest_route=\/wp\/v2\/posts\/139"}],"collection":[{"href":"https:\/\/lavetrinaaperta.eu\/index.php?rest_route=\/wp\/v2\/posts"}],"about":[{"href":"https:\/\/lavetrinaaperta.eu\/index.php?rest_route=\/wp\/v2\/types\/post"}],"author":[{"embeddable":true,"href":"https:\/\/lavetrinaaperta.eu\/index.php?rest_route=\/wp\/v2\/users\/1"}],"replies":[{"embeddable":true,"href":"https:\/\/lavetrinaaperta.eu\/index.php?rest_route=%2Fwp%2Fv2%2Fcomments&post=139"}],"version-history":[{"count":5,"href":"https:\/\/lavetrinaaperta.eu\/index.php?rest_route=\/wp\/v2\/posts\/139\/revisions"}],"predecessor-version":[{"id":243,"href":"https:\/\/lavetrinaaperta.eu\/index.php?rest_route=\/wp\/v2\/posts\/139\/revisions\/243"}],"wp:attachment":[{"href":"https:\/\/lavetrinaaperta.eu\/index.php?rest_route=%2Fwp%2Fv2%2Fmedia&parent=139"}],"wp:term":[{"taxonomy":"category","embeddable":true,"href":"https:\/\/lavetrinaaperta.eu\/index.php?rest_route=%2Fwp%2Fv2%2Fcategories&post=139"},{"taxonomy":"post_tag","embeddable":true,"href":"https:\/\/lavetrinaaperta.eu\/index.php?rest_route=%2Fwp%2Fv2%2Ftags&post=139"}],"curies":[{"name":"wp","href":"https:\/\/api.w.org\/{rel}","templated":true}]}}