{"id":440,"date":"2019-04-05T19:38:10","date_gmt":"2019-04-05T17:38:10","guid":{"rendered":"http:\/\/wp-vetrina.aro26.de\/?p=440"},"modified":"2025-05-28T16:31:32","modified_gmt":"2025-05-28T14:31:32","slug":"jugendstil-vase-signiert-leg-legras-cameo-art-glass-frankreich-france-um-1900-pate-de-verre-floral-motiv-haselnuss-opal-glas","status":"publish","type":"post","link":"https:\/\/lavetrinaaperta.eu\/?p=440","title":{"rendered":"Jugendstil Vase * signiert Leg. * Legras * Cameo Art Glass * Frankreich France um 1900 * Pate de Verre * floral Motiv Haselnuss * Opal Glas"},"content":{"rendered":"\t\t<div data-elementor-type=\"wp-post\" data-elementor-id=\"440\" class=\"elementor elementor-440\">\n\t\t\t\t\t\t<div class=\"elementor-inner\">\n\t\t\t\t<div class=\"elementor-section-wrap\">\n\t\t\t\t\t\t\t\t\t<section class=\"has_eae_slider elementor-section elementor-top-section elementor-element elementor-element-7171bb48 elementor-section-boxed elementor-section-height-default elementor-section-height-default\" data-id=\"7171bb48\" data-element_type=\"section\">\n\t\t\t\t\t\t<div class=\"elementor-container elementor-column-gap-default\">\n\t\t\t\t\t\t\t<div class=\"elementor-row\">\n\t\t\t\t\t<div class=\"has_eae_slider elementor-column elementor-col-100 elementor-top-column elementor-element elementor-element-2791a554\" data-id=\"2791a554\" data-element_type=\"column\">\n\t\t\t<div class=\"elementor-column-wrap elementor-element-populated\">\n\t\t\t\t\t\t\t<div class=\"elementor-widget-wrap\">\n\t\t\t\t\t\t<div class=\"elementor-element elementor-element-7be40860 elementor-widget elementor-widget-text-editor\" data-id=\"7be40860\" data-element_type=\"widget\" data-widget_type=\"text-editor.default\">\n\t\t\t\t<div class=\"elementor-widget-container\">\n\t\t\t\t\t\t\t\t<div class=\"elementor-text-editor elementor-clearfix\">\n\t\t\t\t<p><em style=\"box-sizing: inherit; color: rgb(0, 128, 0);\">Verkauft: &#8211;&nbsp;<\/em><strong>Sehr dekorative Legras-Vase aus der Zeit des Jugendstils.<\/strong><\/p>\n<p>Art: Ge\u00e4tztes Glas, Emaillebemalung, Cameo Art Glass.<br>Manufaktur: Glash\u00fctte Legras &amp; Cie, Verreries de Saint-Denise, Fran\u00e7ois-Th\u00e9odore Legras.<br>Material: Pate de Verre.<br>Form: Runder Stand, ovoider l\u00e4nglicher Korpus.<br>Dekor: Florales Motiv, Haselnuss, Zweige, Bl\u00e4tter und Fr\u00fcchte.<br>Farbe: Orange bis rotbraun.<br>Epoche: Jugendstil.<br>Signatur: Leg.<\/p>\n<p>Guter, altersentsprechender Zustand. Keine Risse, keine Chips. Etwas Farbabrieb am oberen Rand; k\u00f6nnte aber auch fertigungsbedingt sein.<br>Abmessungen: Durchmesser \u00d6ffnung ca. 80 mm, Umfang mittig ca. 340 mm, H\u00f6he ca. 255 mm, Gewicht: ca. 670 Gramm.<\/p>\t\t\t\t\t<\/div>\n\t\t\t\t\t\t<\/div>\n\t\t\t\t<\/div>\n\t\t\t\t\t\t<\/div>\n\t\t\t\t\t<\/div>\n\t\t<\/div>\n\t\t\t\t\t\t\t\t<\/div>\n\t\t\t\t\t<\/div>\n\t\t<\/section>\n\t\t\t\t<section class=\"has_eae_slider elementor-section elementor-top-section elementor-element elementor-element-6df74af elementor-section-boxed elementor-section-height-default elementor-section-height-default\" data-id=\"6df74af\" data-element_type=\"section\">\n\t\t\t\t\t\t<div class=\"elementor-container elementor-column-gap-default\">\n\t\t\t\t\t\t\t<div class=\"elementor-row\">\n\t\t\t\t\t<div class=\"has_eae_slider elementor-column elementor-col-100 elementor-top-column elementor-element elementor-element-e816755\" data-id=\"e816755\" data-element_type=\"column\">\n\t\t\t<div class=\"elementor-column-wrap elementor-element-populated\">\n\t\t\t\t\t\t\t<div class=\"elementor-widget-wrap\">\n\t\t\t\t\t\t<div class=\"elementor-element elementor-element-29624ce elementor-widget elementor-widget-image\" data-id=\"29624ce\" data-element_type=\"widget\" data-widget_type=\"image.default\">\n\t\t\t\t<div class=\"elementor-widget-container\">\n\t\t\t\t\t\t\t\t<div class=\"elementor-image\">\n\t\t\t\t\t\t\t\t\t\t\t\t<img decoding=\"async\" width=\"760\" height=\"1140\" src=\"https:\/\/lavetrinaaperta.eu\/wp-content\/uploads\/2019\/04\/DSC00928-1-e1554483367841-768x1152.jpg\" class=\"attachment-medium_large size-medium_large\" alt=\"Legras-Vase\" loading=\"lazy\" srcset=\"https:\/\/lavetrinaaperta.eu\/wp-content\/uploads\/2019\/04\/DSC00928-1-e1554483367841-768x1152.jpg 768w, https:\/\/lavetrinaaperta.eu\/wp-content\/uploads\/2019\/04\/DSC00928-1-e1554483367841-200x300.jpg 200w, https:\/\/lavetrinaaperta.eu\/wp-content\/uploads\/2019\/04\/DSC00928-1-e1554483367841-683x1024.jpg 683w, https:\/\/lavetrinaaperta.eu\/wp-content\/uploads\/2019\/04\/DSC00928-1-e1554483367841-940x1410.jpg 940w, https:\/\/lavetrinaaperta.eu\/wp-content\/uploads\/2019\/04\/DSC00928-1-e1554483367841-267x400.jpg 267w\" sizes=\"(max-width: 760px) 100vw, 760px\" \/>\t\t\t\t\t\t\t\t\t\t\t\t\t\t<\/div>\n\t\t\t\t\t\t<\/div>\n\t\t\t\t<\/div>\n\t\t\t\t\t\t<\/div>\n\t\t\t\t\t<\/div>\n\t\t<\/div>\n\t\t\t\t\t\t\t\t<\/div>\n\t\t\t\t\t<\/div>\n\t\t<\/section>\n\t\t\t\t<section class=\"has_eae_slider elementor-section elementor-top-section elementor-element elementor-element-c9670b8 elementor-section-boxed elementor-section-height-default elementor-section-height-default\" data-id=\"c9670b8\" data-element_type=\"section\">\n\t\t\t\t\t\t<div class=\"elementor-container elementor-column-gap-default\">\n\t\t\t\t\t\t\t<div class=\"elementor-row\">\n\t\t\t\t\t<div class=\"has_eae_slider elementor-column elementor-col-100 elementor-top-column elementor-element elementor-element-c9d5676\" data-id=\"c9d5676\" data-element_type=\"column\">\n\t\t\t<div class=\"elementor-column-wrap elementor-element-populated\">\n\t\t\t\t\t\t\t<div class=\"elementor-widget-wrap\">\n\t\t\t\t\t\t<div class=\"elementor-element elementor-element-cda52f8 elementor-widget elementor-widget-text-editor\" data-id=\"cda52f8\" data-element_type=\"widget\" data-widget_type=\"text-editor.default\">\n\t\t\t\t<div class=\"elementor-widget-container\">\n\t\t\t\t\t\t\t\t<div class=\"elementor-text-editor elementor-clearfix\">\n\t\t\t\t<p><strong>Very decorative Legras vase from the Art Nouveau period.<\/strong><\/p><p>Type: etched glass, enamel painting, cameo Art Glass.<br \/>Manufacture: Legras &amp; Cie glassworks, Verreries de Saint-Denise, Fran\u00e7ois-Th\u00e9odore Legras.<br \/>Material: Pate de Verre.<br \/>Shape: Round base, ovoid elongated body.<br \/>Decor: Floral motif, hazelnut, twigs, leaves and fruits.<br \/>Color: orange to reddish brown.<br \/>Period: Art Nouveau.<br \/>Signature: Leg.<\/p><p>Good, age-related condition. No cracks, no chips. Some paint rubbed off at the top; but could also be due to production.<br \/>Dimensions: diameter opening approx. 80 mm, circumference approx. 340 mm, height approx. 255 mm, weight: approx. 670 grams.<\/p>\t\t\t\t\t<\/div>\n\t\t\t\t\t\t<\/div>\n\t\t\t\t<\/div>\n\t\t\t\t\t\t<\/div>\n\t\t\t\t\t<\/div>\n\t\t<\/div>\n\t\t\t\t\t\t\t\t<\/div>\n\t\t\t\t\t<\/div>\n\t\t<\/section>\n\t\t\t\t<section class=\"has_eae_slider elementor-section elementor-top-section elementor-element elementor-element-cd70af6 elementor-section-boxed elementor-section-height-default elementor-section-height-default\" data-id=\"cd70af6\" data-element_type=\"section\">\n\t\t\t\t\t\t<div class=\"elementor-container elementor-column-gap-default\">\n\t\t\t\t\t\t\t<div class=\"elementor-row\">\n\t\t\t\t\t<div class=\"has_eae_slider elementor-column elementor-col-100 elementor-top-column elementor-element elementor-element-43ea66e\" data-id=\"43ea66e\" data-element_type=\"column\">\n\t\t\t<div class=\"elementor-column-wrap elementor-element-populated\">\n\t\t\t\t\t\t\t<div class=\"elementor-widget-wrap\">\n\t\t\t\t\t\t<div class=\"elementor-element elementor-element-4ad130c elementor-widget elementor-widget-image-gallery\" data-id=\"4ad130c\" data-element_type=\"widget\" data-widget_type=\"image-gallery.default\">\n\t\t\t\t<div class=\"elementor-widget-container\">\n\t\t\t\t\t<div class=\"elementor-image-gallery\">\n\t\t\t<div data-carousel-extra='{\"blog_id\":1,\"permalink\":\"https:\\\/\\\/lavetrinaaperta.eu\\\/?p=440\"}' id='gallery-1' class='gallery galleryid-440 gallery-columns-3 gallery-size-medium'><figure class='gallery-item'>\n\t\t\t<div class='gallery-icon landscape'>\n\t\t\t\t<img width=\"300\" height=\"200\" src=\"https:\/\/lavetrinaaperta.eu\/wp-content\/uploads\/2019\/04\/DSC00934-300x200.jpg\" class=\"attachment-medium size-medium\" alt=\"Leg1\" decoding=\"async\" loading=\"lazy\" aria-describedby=\"gallery-1-444\" srcset=\"https:\/\/lavetrinaaperta.eu\/wp-content\/uploads\/2019\/04\/DSC00934-300x200.jpg 300w, https:\/\/lavetrinaaperta.eu\/wp-content\/uploads\/2019\/04\/DSC00934-768x512.jpg 768w, https:\/\/lavetrinaaperta.eu\/wp-content\/uploads\/2019\/04\/DSC00934-1024x683.jpg 1024w, https:\/\/lavetrinaaperta.eu\/wp-content\/uploads\/2019\/04\/DSC00934-940x627.jpg 940w, https:\/\/lavetrinaaperta.eu\/wp-content\/uploads\/2019\/04\/DSC00934-600x400.jpg 600w, https:\/\/lavetrinaaperta.eu\/wp-content\/uploads\/2019\/04\/DSC00934.jpg 1536w\" sizes=\"(max-width: 300px) 100vw, 300px\" \/>\n\t\t\t<\/div>\n\t\t\t\t<figcaption class='wp-caption-text gallery-caption' id='gallery-1-444'>\n\t\t\t\tSignatur\n\t\t\t\t<\/figcaption><\/figure><figure class='gallery-item'>\n\t\t\t<div class='gallery-icon landscape'>\n\t\t\t\t<img width=\"300\" height=\"300\" src=\"https:\/\/lavetrinaaperta.eu\/wp-content\/uploads\/2019\/04\/DSC00938-300x300.jpg\" class=\"attachment-medium size-medium\" alt=\"Leg2\" decoding=\"async\" loading=\"lazy\" aria-describedby=\"gallery-1-445\" srcset=\"https:\/\/lavetrinaaperta.eu\/wp-content\/uploads\/2019\/04\/DSC00938-300x300.jpg 300w, https:\/\/lavetrinaaperta.eu\/wp-content\/uploads\/2019\/04\/DSC00938-150x150.jpg 150w, https:\/\/lavetrinaaperta.eu\/wp-content\/uploads\/2019\/04\/DSC00938-768x765.jpg 768w, https:\/\/lavetrinaaperta.eu\/wp-content\/uploads\/2019\/04\/DSC00938-1024x1020.jpg 1024w, https:\/\/lavetrinaaperta.eu\/wp-content\/uploads\/2019\/04\/DSC00938-640x640.jpg 640w, https:\/\/lavetrinaaperta.eu\/wp-content\/uploads\/2019\/04\/DSC00938-940x937.jpg 940w, https:\/\/lavetrinaaperta.eu\/wp-content\/uploads\/2019\/04\/DSC00938-401x400.jpg 401w, https:\/\/lavetrinaaperta.eu\/wp-content\/uploads\/2019\/04\/DSC00938-50x50.jpg 50w, https:\/\/lavetrinaaperta.eu\/wp-content\/uploads\/2019\/04\/DSC00938.jpg 1028w\" sizes=\"(max-width: 300px) 100vw, 300px\" \/>\n\t\t\t<\/div>\n\t\t\t\t<figcaption class='wp-caption-text gallery-caption' id='gallery-1-445'>\n\t\t\t\tVon oben gesehen\n\t\t\t\t<\/figcaption><\/figure><figure class='gallery-item'>\n\t\t\t<div class='gallery-icon landscape'>\n\t\t\t\t<img width=\"300\" height=\"200\" src=\"https:\/\/lavetrinaaperta.eu\/wp-content\/uploads\/2019\/04\/DSC00936-300x200.jpg\" class=\"attachment-medium size-medium\" alt=\"Leg3\" decoding=\"async\" loading=\"lazy\" aria-describedby=\"gallery-1-446\" srcset=\"https:\/\/lavetrinaaperta.eu\/wp-content\/uploads\/2019\/04\/DSC00936-300x200.jpg 300w, https:\/\/lavetrinaaperta.eu\/wp-content\/uploads\/2019\/04\/DSC00936-768x512.jpg 768w, https:\/\/lavetrinaaperta.eu\/wp-content\/uploads\/2019\/04\/DSC00936-1024x683.jpg 1024w, https:\/\/lavetrinaaperta.eu\/wp-content\/uploads\/2019\/04\/DSC00936-940x627.jpg 940w, https:\/\/lavetrinaaperta.eu\/wp-content\/uploads\/2019\/04\/DSC00936-600x400.jpg 600w, https:\/\/lavetrinaaperta.eu\/wp-content\/uploads\/2019\/04\/DSC00936.jpg 1536w\" sizes=\"(max-width: 300px) 100vw, 300px\" \/>\n\t\t\t<\/div>\n\t\t\t\t<figcaption class='wp-caption-text gallery-caption' id='gallery-1-446'>\n\t\t\t\tDekor im Detail\n\t\t\t\t<\/figcaption><\/figure>\n\t\t<\/div>\n\t\t<\/div>\n\t\t\t\t<\/div>\n\t\t\t\t<\/div>\n\t\t\t\t\t\t<\/div>\n\t\t\t\t\t<\/div>\n\t\t<\/div>\n\t\t\t\t\t\t\t\t<\/div>\n\t\t\t\t\t<\/div>\n\t\t<\/section>\n\t\t\t\t\t\t\t\t\t<\/div>\n\t\t\t<\/div>\n\t\t\t\t\t<\/div>\n\t\t","protected":false},"excerpt":{"rendered":"<p>Jugendstil Vase * signiert Leg. * Legras * Cameo Art Glass * Frankreich France um 1900 * Pate de Verre * floral Motiv Haselnuss * Opal Glas<\/p>\n","protected":false},"author":1,"featured_media":0,"comment_status":"closed","ping_status":"closed","sticky":false,"template":"","format":"standard","meta":[],"categories":[165,55,169],"tags":[212,205,208,206,111,204,117,203,209,207,211,210,114],"_links":{"self":[{"href":"https:\/\/lavetrinaaperta.eu\/index.php?rest_route=\/wp\/v2\/posts\/440"}],"collection":[{"href":"https:\/\/lavetrinaaperta.eu\/index.php?rest_route=\/wp\/v2\/posts"}],"about":[{"href":"https:\/\/lavetrinaaperta.eu\/index.php?rest_route=\/wp\/v2\/types\/post"}],"author":[{"embeddable":true,"href":"https:\/\/lavetrinaaperta.eu\/index.php?rest_route=\/wp\/v2\/users\/1"}],"replies":[{"embeddable":true,"href":"https:\/\/lavetrinaaperta.eu\/index.php?rest_route=%2Fwp%2Fv2%2Fcomments&post=440"}],"version-history":[{"count":8,"href":"https:\/\/lavetrinaaperta.eu\/index.php?rest_route=\/wp\/v2\/posts\/440\/revisions"}],"predecessor-version":[{"id":991,"href":"https:\/\/lavetrinaaperta.eu\/index.php?rest_route=\/wp\/v2\/posts\/440\/revisions\/991"}],"wp:attachment":[{"href":"https:\/\/lavetrinaaperta.eu\/index.php?rest_route=%2Fwp%2Fv2%2Fmedia&parent=440"}],"wp:term":[{"taxonomy":"category","embeddable":true,"href":"https:\/\/lavetrinaaperta.eu\/index.php?rest_route=%2Fwp%2Fv2%2Fcategories&post=440"},{"taxonomy":"post_tag","embeddable":true,"href":"https:\/\/lavetrinaaperta.eu\/index.php?rest_route=%2Fwp%2Fv2%2Ftags&post=440"}],"curies":[{"name":"wp","href":"https:\/\/api.w.org\/{rel}","templated":true}]}}