{"id":47,"date":"2019-03-10T15:36:26","date_gmt":"2019-03-10T14:36:26","guid":{"rendered":"http:\/\/wp-vetrina.aro26.de\/?p=47"},"modified":"2025-05-28T16:43:26","modified_gmt":"2025-05-28T14:43:26","slug":"absolut-rar-goebel-figur-rokoko-paar-auf-gartenbank-viktorian-unikat-prototyp-gemarkt-gm-517-tm-k1-krone-1-wahl-antike-sammlerfigur","status":"publish","type":"post","link":"https:\/\/lavetrinaaperta.eu\/?p=47","title":{"rendered":"Absolut RAR Goebel-Figur &#8222;Rokoko-Paar auf Gartenbank&#8220; viktorian, Unikat\/Prototyp? Gemarkt GM 517. TM K1 (Krone) 1. Wahl. Antike Sammlerfigur"},"content":{"rendered":"\r\n<p><em><span style=\"color: #008000;\">Verkauft:<\/span> &#8211; <\/em>Absolut rare Goebel-Figur &#8222;Rokoko-Paar auf Gartenbank&#8220;, eventuell Einzelst\u00fcck oder Prototyp, GM 517, 1. Wahl, TM K1 (Krone), gemarkt.<br \/>Aus dieser Reihe sind nur noch sehr selten wenige Exemplare auf dem Markt zu finden; sie werden um 340,00 EUR gehandelt &#8211; teilweise auch dann, wenn Besch\u00e4digungen vorliegen.<\/p>\r\n\r\n\r\n\r\n<figure class=\"wp-block-image\"><img decoding=\"async\" loading=\"lazy\" class=\"wp-image-52  aligncenter\" src=\"https:\/\/lavetrinaaperta.eu\/wp-content\/uploads\/2019\/03\/IMG_6487-1024x921.jpg\" alt=\"Goebel, Rokoko-Paar, Rarit\u00e4t\" width=\"719\" height=\"647\" \/><\/figure>\r\n\r\n\r\n\r\n<figure class=\"wp-block-image\"><\/figure>\r\n\r\n<p>&nbsp;<\/p>\r\n\r\n<p>Grundfarbe beige-wei\u00df mit goldfarbener Bemalung.<br \/>Manufaktur: Goebel<br \/>Antike Sammlerfigur nach der Bodenmarke zu urteilen, wohl aus dem Jahr 1935. Sehr guter Zustand, keine Besto\u00dfungen, keine Risse. Lediglich die rechte Hand des Mannes fehlt und das, was die Dame in der linken Hand h\u00e4lt (eventuell Blume oder Strau\u00df) ist inkomplett. <br \/>Produktionsbedingt zwei kleine Punkte im Porzellan (Unterseite und R\u00fcckseite).<br \/>Dass es sich um einen Prototypen handeln k\u00f6nnte, ist aus den hauchd\u00fcnnen (Bleistift?-)Strichen unterhalb der Bank zu schlie\u00dfen.<\/p>\r\n\r\n\r\n\r\n<p>Abmessungen: L\u00e4nge ca. 90 mm, H\u00f6he ca. 80 mm, Gewicht: ca. 105 Gramm.<\/p>\r\n<div data-carousel-extra='{\"blog_id\":1,\"permalink\":\"https:\\\/\\\/lavetrinaaperta.eu\\\/?p=47\"}' id='gallery-1' class='gallery galleryid-47 gallery-columns-4 gallery-size-thumbnail'><figure class='gallery-item'>\n\t\t\t<div class='gallery-icon landscape'>\n\t\t\t\t<a href='https:\/\/lavetrinaaperta.eu\/?attachment_id=52'><img data-attachment-id=\"52\" data-orig-file=\"https:\/\/lavetrinaaperta.eu\/wp-content\/uploads\/2019\/03\/IMG_6487-e1552238199662.jpg\" data-orig-size=\"3000,2697\" data-comments-opened=\"0\" data-image-meta=\"{&quot;aperture&quot;:&quot;2.2&quot;,&quot;credit&quot;:&quot;&quot;,&quot;camera&quot;:&quot;iPhone 6s&quot;,&quot;caption&quot;:&quot;&quot;,&quot;created_timestamp&quot;:&quot;1549465988&quot;,&quot;copyright&quot;:&quot;&quot;,&quot;focal_length&quot;:&quot;4.15&quot;,&quot;iso&quot;:&quot;25&quot;,&quot;shutter_speed&quot;:&quot;0.033333333333333&quot;,&quot;title&quot;:&quot;&quot;,&quot;orientation&quot;:&quot;1&quot;}\" data-image-title=\"Goebel, Rokoko-Paar, Rarit\u00e4t\" data-image-description=\"&lt;p&gt;Goebel, Rokoko-Paar, Rarit\u00e4t, wohl aus 1935&lt;\/p&gt;\n\" data-medium-file=\"https:\/\/lavetrinaaperta.eu\/wp-content\/uploads\/2019\/03\/IMG_6487-300x270.jpg\" data-large-file=\"https:\/\/lavetrinaaperta.eu\/wp-content\/uploads\/2019\/03\/IMG_6487-1024x921.jpg\" title=\"Goebel, Rokoko-Paar, Rarit\u00e4t\" width=\"150\" height=\"150\" src=\"https:\/\/lavetrinaaperta.eu\/wp-content\/uploads\/2019\/03\/IMG_6487-150x150.jpg\" class=\"attachment-thumbnail size-thumbnail\" alt=\"Goebel, Rokoko-Paar, Rarit\u00e4t\" decoding=\"async\" loading=\"lazy\" srcset=\"https:\/\/lavetrinaaperta.eu\/wp-content\/uploads\/2019\/03\/IMG_6487-150x150.jpg 150w, https:\/\/lavetrinaaperta.eu\/wp-content\/uploads\/2019\/03\/IMG_6487-100x100.jpg 100w\" sizes=\"(max-width: 150px) 100vw, 150px\" \/><\/a>\n\t\t\t<\/div><\/figure><figure class='gallery-item'>\n\t\t\t<div class='gallery-icon landscape'>\n\t\t\t\t<a href='https:\/\/lavetrinaaperta.eu\/?attachment_id=947'><img data-attachment-id=\"947\" data-orig-file=\"https:\/\/lavetrinaaperta.eu\/wp-content\/uploads\/2019\/03\/goebel1.jpeg\" data-orig-size=\"794,714\" data-comments-opened=\"0\" data-image-meta=\"{&quot;aperture&quot;:&quot;0&quot;,&quot;credit&quot;:&quot;&quot;,&quot;camera&quot;:&quot;&quot;,&quot;caption&quot;:&quot;&quot;,&quot;created_timestamp&quot;:&quot;0&quot;,&quot;copyright&quot;:&quot;&quot;,&quot;focal_length&quot;:&quot;0&quot;,&quot;iso&quot;:&quot;0&quot;,&quot;shutter_speed&quot;:&quot;0&quot;,&quot;title&quot;:&quot;&quot;,&quot;orientation&quot;:&quot;0&quot;}\" data-image-title=\"goebel1\" data-image-description=\"\" data-medium-file=\"https:\/\/lavetrinaaperta.eu\/wp-content\/uploads\/2019\/03\/goebel1-300x270.jpeg\" data-large-file=\"https:\/\/lavetrinaaperta.eu\/wp-content\/uploads\/2019\/03\/goebel1.jpeg\" title=\"goebel1\" width=\"150\" height=\"150\" src=\"https:\/\/lavetrinaaperta.eu\/wp-content\/uploads\/2019\/03\/goebel1-150x150.jpeg\" class=\"attachment-thumbnail size-thumbnail\" alt=\"\" decoding=\"async\" loading=\"lazy\" \/><\/a>\n\t\t\t<\/div><\/figure><figure class='gallery-item'>\n\t\t\t<div class='gallery-icon landscape'>\n\t\t\t\t<a href='https:\/\/lavetrinaaperta.eu\/?attachment_id=948'><img data-attachment-id=\"948\" data-orig-file=\"https:\/\/lavetrinaaperta.eu\/wp-content\/uploads\/2019\/03\/goebel2.jpeg\" data-orig-size=\"794,596\" data-comments-opened=\"0\" data-image-meta=\"{&quot;aperture&quot;:&quot;0&quot;,&quot;credit&quot;:&quot;&quot;,&quot;camera&quot;:&quot;&quot;,&quot;caption&quot;:&quot;&quot;,&quot;created_timestamp&quot;:&quot;0&quot;,&quot;copyright&quot;:&quot;&quot;,&quot;focal_length&quot;:&quot;0&quot;,&quot;iso&quot;:&quot;0&quot;,&quot;shutter_speed&quot;:&quot;0&quot;,&quot;title&quot;:&quot;&quot;,&quot;orientation&quot;:&quot;0&quot;}\" data-image-title=\"goebel2\" data-image-description=\"\" data-medium-file=\"https:\/\/lavetrinaaperta.eu\/wp-content\/uploads\/2019\/03\/goebel2-300x225.jpeg\" data-large-file=\"https:\/\/lavetrinaaperta.eu\/wp-content\/uploads\/2019\/03\/goebel2.jpeg\" title=\"goebel2\" width=\"150\" height=\"150\" src=\"https:\/\/lavetrinaaperta.eu\/wp-content\/uploads\/2019\/03\/goebel2-150x150.jpeg\" class=\"attachment-thumbnail size-thumbnail\" alt=\"\" decoding=\"async\" loading=\"lazy\" \/><\/a>\n\t\t\t<\/div><\/figure><figure class='gallery-item'>\n\t\t\t<div class='gallery-icon landscape'>\n\t\t\t\t<a href='https:\/\/lavetrinaaperta.eu\/?attachment_id=949'><img data-attachment-id=\"949\" data-orig-file=\"https:\/\/lavetrinaaperta.eu\/wp-content\/uploads\/2019\/03\/goebel3.jpeg\" data-orig-size=\"794,794\" data-comments-opened=\"0\" data-image-meta=\"{&quot;aperture&quot;:&quot;0&quot;,&quot;credit&quot;:&quot;&quot;,&quot;camera&quot;:&quot;&quot;,&quot;caption&quot;:&quot;&quot;,&quot;created_timestamp&quot;:&quot;0&quot;,&quot;copyright&quot;:&quot;&quot;,&quot;focal_length&quot;:&quot;0&quot;,&quot;iso&quot;:&quot;0&quot;,&quot;shutter_speed&quot;:&quot;0&quot;,&quot;title&quot;:&quot;&quot;,&quot;orientation&quot;:&quot;0&quot;}\" data-image-title=\"goebel3\" data-image-description=\"\" data-medium-file=\"https:\/\/lavetrinaaperta.eu\/wp-content\/uploads\/2019\/03\/goebel3-300x300.jpeg\" data-large-file=\"https:\/\/lavetrinaaperta.eu\/wp-content\/uploads\/2019\/03\/goebel3.jpeg\" title=\"goebel3\" width=\"150\" height=\"150\" src=\"https:\/\/lavetrinaaperta.eu\/wp-content\/uploads\/2019\/03\/goebel3-150x150.jpeg\" class=\"attachment-thumbnail size-thumbnail\" alt=\"\" decoding=\"async\" loading=\"lazy\" srcset=\"https:\/\/lavetrinaaperta.eu\/wp-content\/uploads\/2019\/03\/goebel3-150x150.jpeg 150w, https:\/\/lavetrinaaperta.eu\/wp-content\/uploads\/2019\/03\/goebel3-300x300.jpeg 300w, https:\/\/lavetrinaaperta.eu\/wp-content\/uploads\/2019\/03\/goebel3-768x768.jpeg 768w, https:\/\/lavetrinaaperta.eu\/wp-content\/uploads\/2019\/03\/goebel3-320x320.jpeg 320w, https:\/\/lavetrinaaperta.eu\/wp-content\/uploads\/2019\/03\/goebel3-480x480.jpeg 480w, https:\/\/lavetrinaaperta.eu\/wp-content\/uploads\/2019\/03\/goebel3-400x400.jpeg 400w, https:\/\/lavetrinaaperta.eu\/wp-content\/uploads\/2019\/03\/goebel3.jpeg 794w\" sizes=\"(max-width: 150px) 100vw, 150px\" \/><\/a>\n\t\t\t<\/div><\/figure><figure class='gallery-item'>\n\t\t\t<div class='gallery-icon landscape'>\n\t\t\t\t<a href='https:\/\/lavetrinaaperta.eu\/?attachment_id=950'><img data-attachment-id=\"950\" data-orig-file=\"https:\/\/lavetrinaaperta.eu\/wp-content\/uploads\/2019\/03\/goebel4.jpeg\" data-orig-size=\"794,794\" data-comments-opened=\"0\" data-image-meta=\"{&quot;aperture&quot;:&quot;0&quot;,&quot;credit&quot;:&quot;&quot;,&quot;camera&quot;:&quot;&quot;,&quot;caption&quot;:&quot;&quot;,&quot;created_timestamp&quot;:&quot;0&quot;,&quot;copyright&quot;:&quot;&quot;,&quot;focal_length&quot;:&quot;0&quot;,&quot;iso&quot;:&quot;0&quot;,&quot;shutter_speed&quot;:&quot;0&quot;,&quot;title&quot;:&quot;&quot;,&quot;orientation&quot;:&quot;0&quot;}\" data-image-title=\"goebel4\" data-image-description=\"\" data-medium-file=\"https:\/\/lavetrinaaperta.eu\/wp-content\/uploads\/2019\/03\/goebel4-300x300.jpeg\" data-large-file=\"https:\/\/lavetrinaaperta.eu\/wp-content\/uploads\/2019\/03\/goebel4.jpeg\" title=\"goebel4\" width=\"150\" height=\"150\" src=\"https:\/\/lavetrinaaperta.eu\/wp-content\/uploads\/2019\/03\/goebel4-150x150.jpeg\" class=\"attachment-thumbnail size-thumbnail\" alt=\"\" decoding=\"async\" loading=\"lazy\" srcset=\"https:\/\/lavetrinaaperta.eu\/wp-content\/uploads\/2019\/03\/goebel4-150x150.jpeg 150w, https:\/\/lavetrinaaperta.eu\/wp-content\/uploads\/2019\/03\/goebel4-300x300.jpeg 300w, https:\/\/lavetrinaaperta.eu\/wp-content\/uploads\/2019\/03\/goebel4-768x768.jpeg 768w, https:\/\/lavetrinaaperta.eu\/wp-content\/uploads\/2019\/03\/goebel4-320x320.jpeg 320w, https:\/\/lavetrinaaperta.eu\/wp-content\/uploads\/2019\/03\/goebel4-480x480.jpeg 480w, https:\/\/lavetrinaaperta.eu\/wp-content\/uploads\/2019\/03\/goebel4-400x400.jpeg 400w, https:\/\/lavetrinaaperta.eu\/wp-content\/uploads\/2019\/03\/goebel4.jpeg 794w\" sizes=\"(max-width: 150px) 100vw, 150px\" \/><\/a>\n\t\t\t<\/div><\/figure><figure class='gallery-item'>\n\t\t\t<div class='gallery-icon landscape'>\n\t\t\t\t<a href='https:\/\/lavetrinaaperta.eu\/?attachment_id=951'><img data-attachment-id=\"951\" data-orig-file=\"https:\/\/lavetrinaaperta.eu\/wp-content\/uploads\/2019\/03\/goebel5.jpeg\" data-orig-size=\"794,794\" data-comments-opened=\"0\" data-image-meta=\"{&quot;aperture&quot;:&quot;0&quot;,&quot;credit&quot;:&quot;&quot;,&quot;camera&quot;:&quot;&quot;,&quot;caption&quot;:&quot;&quot;,&quot;created_timestamp&quot;:&quot;0&quot;,&quot;copyright&quot;:&quot;&quot;,&quot;focal_length&quot;:&quot;0&quot;,&quot;iso&quot;:&quot;0&quot;,&quot;shutter_speed&quot;:&quot;0&quot;,&quot;title&quot;:&quot;&quot;,&quot;orientation&quot;:&quot;0&quot;}\" data-image-title=\"goebel5\" data-image-description=\"\" data-medium-file=\"https:\/\/lavetrinaaperta.eu\/wp-content\/uploads\/2019\/03\/goebel5-300x300.jpeg\" data-large-file=\"https:\/\/lavetrinaaperta.eu\/wp-content\/uploads\/2019\/03\/goebel5.jpeg\" title=\"goebel5\" width=\"150\" height=\"150\" src=\"https:\/\/lavetrinaaperta.eu\/wp-content\/uploads\/2019\/03\/goebel5-150x150.jpeg\" class=\"attachment-thumbnail size-thumbnail\" alt=\"\" decoding=\"async\" loading=\"lazy\" srcset=\"https:\/\/lavetrinaaperta.eu\/wp-content\/uploads\/2019\/03\/goebel5-150x150.jpeg 150w, https:\/\/lavetrinaaperta.eu\/wp-content\/uploads\/2019\/03\/goebel5-300x300.jpeg 300w, https:\/\/lavetrinaaperta.eu\/wp-content\/uploads\/2019\/03\/goebel5-768x768.jpeg 768w, https:\/\/lavetrinaaperta.eu\/wp-content\/uploads\/2019\/03\/goebel5-320x320.jpeg 320w, https:\/\/lavetrinaaperta.eu\/wp-content\/uploads\/2019\/03\/goebel5-480x480.jpeg 480w, https:\/\/lavetrinaaperta.eu\/wp-content\/uploads\/2019\/03\/goebel5-400x400.jpeg 400w, https:\/\/lavetrinaaperta.eu\/wp-content\/uploads\/2019\/03\/goebel5.jpeg 794w\" sizes=\"(max-width: 150px) 100vw, 150px\" \/><\/a>\n\t\t\t<\/div><\/figure><figure class='gallery-item'>\n\t\t\t<div class='gallery-icon landscape'>\n\t\t\t\t<a href='https:\/\/lavetrinaaperta.eu\/?attachment_id=952'><img data-attachment-id=\"952\" data-orig-file=\"https:\/\/lavetrinaaperta.eu\/wp-content\/uploads\/2019\/03\/goebel6.jpeg\" data-orig-size=\"794,552\" data-comments-opened=\"0\" data-image-meta=\"{&quot;aperture&quot;:&quot;0&quot;,&quot;credit&quot;:&quot;&quot;,&quot;camera&quot;:&quot;&quot;,&quot;caption&quot;:&quot;&quot;,&quot;created_timestamp&quot;:&quot;0&quot;,&quot;copyright&quot;:&quot;&quot;,&quot;focal_length&quot;:&quot;0&quot;,&quot;iso&quot;:&quot;0&quot;,&quot;shutter_speed&quot;:&quot;0&quot;,&quot;title&quot;:&quot;&quot;,&quot;orientation&quot;:&quot;0&quot;}\" data-image-title=\"goebel6\" data-image-description=\"\" data-medium-file=\"https:\/\/lavetrinaaperta.eu\/wp-content\/uploads\/2019\/03\/goebel6-300x209.jpeg\" data-large-file=\"https:\/\/lavetrinaaperta.eu\/wp-content\/uploads\/2019\/03\/goebel6.jpeg\" title=\"goebel6\" width=\"150\" height=\"150\" src=\"https:\/\/lavetrinaaperta.eu\/wp-content\/uploads\/2019\/03\/goebel6-150x150.jpeg\" class=\"attachment-thumbnail size-thumbnail\" alt=\"\" decoding=\"async\" loading=\"lazy\" \/><\/a>\n\t\t\t<\/div><\/figure><figure class='gallery-item'>\n\t\t\t<div class='gallery-icon landscape'>\n\t\t\t\t<a href='https:\/\/lavetrinaaperta.eu\/?attachment_id=953'><img data-attachment-id=\"953\" data-orig-file=\"https:\/\/lavetrinaaperta.eu\/wp-content\/uploads\/2019\/03\/goebel7.jpeg\" data-orig-size=\"794,595\" data-comments-opened=\"0\" data-image-meta=\"{&quot;aperture&quot;:&quot;0&quot;,&quot;credit&quot;:&quot;&quot;,&quot;camera&quot;:&quot;&quot;,&quot;caption&quot;:&quot;&quot;,&quot;created_timestamp&quot;:&quot;0&quot;,&quot;copyright&quot;:&quot;&quot;,&quot;focal_length&quot;:&quot;0&quot;,&quot;iso&quot;:&quot;0&quot;,&quot;shutter_speed&quot;:&quot;0&quot;,&quot;title&quot;:&quot;&quot;,&quot;orientation&quot;:&quot;0&quot;}\" data-image-title=\"goebel7\" data-image-description=\"\" data-medium-file=\"https:\/\/lavetrinaaperta.eu\/wp-content\/uploads\/2019\/03\/goebel7-300x225.jpeg\" data-large-file=\"https:\/\/lavetrinaaperta.eu\/wp-content\/uploads\/2019\/03\/goebel7.jpeg\" title=\"goebel7\" width=\"150\" height=\"150\" src=\"https:\/\/lavetrinaaperta.eu\/wp-content\/uploads\/2019\/03\/goebel7-150x150.jpeg\" class=\"attachment-thumbnail size-thumbnail\" alt=\"\" decoding=\"async\" loading=\"lazy\" \/><\/a>\n\t\t\t<\/div><\/figure>\n\t\t<\/div>\n\r\n","protected":false},"excerpt":{"rendered":"<p>Verkauft: &#8211; Absolut rare Goebel-Figur &#8222;Rokoko-Paar auf Gartenbank&#8220;, eventuell Einzelst\u00fcck oder Prototyp, GM 517, 1. Wahl, TM K1 (Krone), gemarkt.Aus dieser Reihe sind nur noch sehr selten wenige Exemplare auf dem Markt zu finden; sie&hellip; <a href=\"https:\/\/lavetrinaaperta.eu\/?p=47\">Mehr<\/a><\/p>\n","protected":false},"author":1,"featured_media":0,"comment_status":"closed","ping_status":"closed","sticky":false,"template":"","format":"standard","meta":[],"categories":[171,49,164,163],"tags":[73,70,75,65,66,62,76,68,72,63,69,71,67,64],"_links":{"self":[{"href":"https:\/\/lavetrinaaperta.eu\/index.php?rest_route=\/wp\/v2\/posts\/47"}],"collection":[{"href":"https:\/\/lavetrinaaperta.eu\/index.php?rest_route=\/wp\/v2\/posts"}],"about":[{"href":"https:\/\/lavetrinaaperta.eu\/index.php?rest_route=\/wp\/v2\/types\/post"}],"author":[{"embeddable":true,"href":"https:\/\/lavetrinaaperta.eu\/index.php?rest_route=\/wp\/v2\/users\/1"}],"replies":[{"embeddable":true,"href":"https:\/\/lavetrinaaperta.eu\/index.php?rest_route=%2Fwp%2Fv2%2Fcomments&post=47"}],"version-history":[{"count":8,"href":"https:\/\/lavetrinaaperta.eu\/index.php?rest_route=\/wp\/v2\/posts\/47\/revisions"}],"predecessor-version":[{"id":996,"href":"https:\/\/lavetrinaaperta.eu\/index.php?rest_route=\/wp\/v2\/posts\/47\/revisions\/996"}],"wp:attachment":[{"href":"https:\/\/lavetrinaaperta.eu\/index.php?rest_route=%2Fwp%2Fv2%2Fmedia&parent=47"}],"wp:term":[{"taxonomy":"category","embeddable":true,"href":"https:\/\/lavetrinaaperta.eu\/index.php?rest_route=%2Fwp%2Fv2%2Fcategories&post=47"},{"taxonomy":"post_tag","embeddable":true,"href":"https:\/\/lavetrinaaperta.eu\/index.php?rest_route=%2Fwp%2Fv2%2Ftags&post=47"}],"curies":[{"name":"wp","href":"https:\/\/api.w.org\/{rel}","templated":true}]}}